{"id":368,"date":"2023-01-26T20:32:17","date_gmt":"2023-01-26T17:32:17","guid":{"rendered":"https:\/\/i2w.com.br\/picorelli\/?p=368"},"modified":"2023-01-26T20:47:01","modified_gmt":"2023-01-26T17:47:01","slug":"picorelli-transportes-e-reconhecida-com-premio-melhores-transportadoras-sika-2019","status":"publish","type":"post","link":"https:\/\/i2w.com.br\/picorelli\/noticia\/picorelli-transportes-e-reconhecida-com-premio-melhores-transportadoras-sika-2019\/","title":{"rendered":"PICORELLI TRANSPORTES \u00c9 RECONHECIDA COM PR\u00caMIO MELHORES TRANSPORTADORAS SIKA 2019"},"content":{"rendered":"<p>A\u00a0<b>Picorelli Transportes<\/b>,\u00a0<b>pioneira no ramo de transportes de cargas<\/b>, foi reconhecida com o pr\u00eamio\u00a0<b>Melhores Transportadoras SIKA 2019<\/b>. A primeira edi\u00e7\u00e3o do evento realizado pela Carbeto de Sil\u00edcio SIKA Brasil Ltda, premiou a Picorelli como uma das melhores empresas do ramo de transporte.<\/p>\n<p>&nbsp;<\/p>\n<p><img loading=\"lazy\" decoding=\"async\" class=\"alignnone wp-image-369\" src=\"http:\/\/i2w.com.br\/picorelli\/wp-content\/uploads\/2023\/01\/PICORELLI-TRANSPORTES-1-768x531-1-300x207.png\" alt=\"\" width=\"454\" height=\"314\" srcset=\"https:\/\/i2w.com.br\/picorelli\/wp-content\/uploads\/2023\/01\/PICORELLI-TRANSPORTES-1-768x531-1-300x207.png 300w, https:\/\/i2w.com.br\/picorelli\/wp-content\/uploads\/2023\/01\/PICORELLI-TRANSPORTES-1-768x531-1.png 768w\" sizes=\"auto, (max-width: 454px) 100vw, 454px\" \/><\/p>\n<p>&nbsp;<\/p>\n<p>Vale salientar que a Carbeto de Sil\u00edcio SIKA Brasil Ltda \u00e9 atendida pela Picorelli\u00a0<b>desde 2016<\/b>.<\/p>\n<p>Entre os crit\u00e9rios analisados e alcan\u00e7ados pela Picorelli est\u00e3o:<\/p>\n<ul>\n<li>Pontualidade e qualidade em rela\u00e7\u00e3o \u00e0s entregas;<\/li>\n<li>Excel\u00eancia no atendimento;<\/li>\n<li>Conhecimentos sobre o transporte de cargas,<\/li>\n<li>Seguran\u00e7a no transporte;<\/li>\n<li>e cuidados especiais com cargas,\u00a0 funcion\u00e1rios e frota.<\/li>\n<\/ul>\n<p>De acordo com o gerente da filial da Picorelli em Barbacena, Eduardo de Sales Oliveira, o pr\u00eamio \u00e9\u00a0<b>resultado dos investimentos que est\u00e3o sendo realizados constantemente<\/b>, que possibilitam ampliar a capacidade de entrega e atendimento aos clientes em todo o pa\u00eds.<\/p>\n<p>\u201cReceber a homenagem de uma empresa mundialmente conhecida, refor\u00e7a a import\u00e2ncia que damos ao nosso trabalho, profissionalismo e atendimento aos clientes. Somos muito gratos por isso\u201d, afirmou.<\/p>\n<p><img loading=\"lazy\" decoding=\"async\" class=\"alignnone wp-image-371\" src=\"http:\/\/i2w.com.br\/picorelli\/wp-content\/uploads\/2023\/01\/image001-1-300x172.jpg\" alt=\"\" width=\"460\" height=\"264\" srcset=\"https:\/\/i2w.com.br\/picorelli\/wp-content\/uploads\/2023\/01\/image001-1-300x172.jpg 300w, https:\/\/i2w.com.br\/picorelli\/wp-content\/uploads\/2023\/01\/image001-1-1024x586.jpg 1024w, https:\/\/i2w.com.br\/picorelli\/wp-content\/uploads\/2023\/01\/image001-1-768x439.jpg 768w, https:\/\/i2w.com.br\/picorelli\/wp-content\/uploads\/2023\/01\/image001-1-1536x879.jpg 1536w, https:\/\/i2w.com.br\/picorelli\/wp-content\/uploads\/2023\/01\/image001-1.jpg 1633w\" sizes=\"auto, (max-width: 460px) 100vw, 460px\" \/><\/p>\n<p>&nbsp;<\/p>\n<p>A Picorelli Transportes \u00e9 especializada no transportes de cargas fracionadas e lota\u00e7\u00e3o secas. Realiza opera\u00e7\u00f5es em mais de 1.500 cidades da regi\u00e3o sudeste e sul<\/p>\n<p><a href=\"https:\/\/www.picorelli.com.br\/\">Clique aqui<\/a>\u00a0e fa\u00e7a agora mesmo uma cota\u00e7\u00e3o do transporte da sua carga.<\/p>\n","protected":false},"excerpt":{"rendered":"<p>A\u00a0Picorelli Transportes,\u00a0pioneira no ramo de transportes de cargas, foi reconhecida com o pr\u00eamio\u00a0Melhores Transportadoras SIKA 2019. A primeira edi\u00e7\u00e3o do [&hellip;]<\/p>\n","protected":false},"author":2,"featured_media":371,"comment_status":"open","ping_status":"open","sticky":false,"template":"","format":"standard","meta":{"footnotes":""},"categories":[3],"tags":[],"class_list":["post-368","post","type-post","status-publish","format-standard","has-post-thumbnail","hentry","category-noticia"],"acf":[],"_links":{"self":[{"href":"https:\/\/i2w.com.br\/picorelli\/wp-json\/wp\/v2\/posts\/368","targetHints":{"allow":["GET"]}}],"collection":[{"href":"https:\/\/i2w.com.br\/picorelli\/wp-json\/wp\/v2\/posts"}],"about":[{"href":"https:\/\/i2w.com.br\/picorelli\/wp-json\/wp\/v2\/types\/post"}],"author":[{"embeddable":true,"href":"https:\/\/i2w.com.br\/picorelli\/wp-json\/wp\/v2\/users\/2"}],"replies":[{"embeddable":true,"href":"https:\/\/i2w.com.br\/picorelli\/wp-json\/wp\/v2\/comments?post=368"}],"version-history":[{"count":4,"href":"https:\/\/i2w.com.br\/picorelli\/wp-json\/wp\/v2\/posts\/368\/revisions"}],"predecessor-version":[{"id":375,"href":"https:\/\/i2w.com.br\/picorelli\/wp-json\/wp\/v2\/posts\/368\/revisions\/375"}],"wp:featuredmedia":[{"embeddable":true,"href":"https:\/\/i2w.com.br\/picorelli\/wp-json\/wp\/v2\/media\/371"}],"wp:attachment":[{"href":"https:\/\/i2w.com.br\/picorelli\/wp-json\/wp\/v2\/media?parent=368"}],"wp:term":[{"taxonomy":"category","embeddable":true,"href":"https:\/\/i2w.com.br\/picorelli\/wp-json\/wp\/v2\/categories?post=368"},{"taxonomy":"post_tag","embeddable":true,"href":"https:\/\/i2w.com.br\/picorelli\/wp-json\/wp\/v2\/tags?post=368"}],"curies":[{"name":"wp","href":"https:\/\/api.w.org\/{rel}","templated":true}]}}