{"id":383,"date":"2023-01-26T20:42:33","date_gmt":"2023-01-26T17:42:33","guid":{"rendered":"https:\/\/i2w.com.br\/picorelli\/?p=383"},"modified":"2023-01-26T20:44:48","modified_gmt":"2023-01-26T17:44:48","slug":"frete-e-transporte-de-pequenas-cargas-vale-a-pena-pagar","status":"publish","type":"post","link":"https:\/\/i2w.com.br\/picorelli\/noticia\/frete-e-transporte-de-pequenas-cargas-vale-a-pena-pagar\/","title":{"rendered":"FRETE E TRANSPORTE DE PEQUENAS CARGAS: VALE A PENA PAGAR?"},"content":{"rendered":"<p>A gest\u00e3o de\u00a0<b>frete e transporte de pequenas cargas<\/b>\u00a0tem sido um problema para sua empresa?<span id=\"more-313\"><\/span><\/p>\n<p>Talvez seja o momento de contratar uma\u00a0<a href=\"https:\/\/www.picorelli.com.br\/sobre\/\">transportadora\u00a0<\/a>para executar esse servi\u00e7o para voc\u00ea.<\/p>\n<p>\u00c9 claro que escolher uma empresa parceira\u00a0 para te ajudar neste per\u00edodo pode se tornar uma\u00a0<b>tarefa complexa<\/b>, j\u00e1 que voc\u00ea precisar\u00e1 se atentar a diversos aspectos para tomar a decis\u00e3o certa.<\/p>\n<p>Ainda mais em um pa\u00eds como o Brasil, que possui diversas empresas atuando neste segmento, encontrar a que mais se adequa \u00e0s suas necessidades pode exigir muita\u00a0<b>aten\u00e7\u00e3o e pesquisa<\/b>.<\/p>\n<p>Pensando nisso, preparamos esse post para te auxiliar a encontrar as melhores solu\u00e7\u00f5es para gerir o servi\u00e7o de fretes da sua empresa.<\/p>\n<p>Acompanhe!<\/p>\n<h2><b>FRETE E TRANSPORTE DE PEQUENAS CARGAS: VALE A PENA PAGAR POR ISSO?<\/b><\/h2>\n<p>\u00c9 bem prov\u00e1vel que durante o processo que te trouxe at\u00e9 aqui, voc\u00ea deve ter se questionado sobre\u00a0<b>se \u00e9 v\u00e1lido ou n\u00e3o contratar uma empresa para cuidar do frete e transporte de pequenas cargas do seu neg\u00f3cio.<\/b><\/p>\n<p>Vamos ser diretos com voc\u00ea: com certeza!<\/p>\n<p>Atualmente existem\u00a0<b>op\u00e7\u00f5es informais<\/b>\u00a0que est\u00e3o realizando esse servi\u00e7o por a\u00ed.<\/p>\n<p>Provavelmente voc\u00ea vai encontr\u00e1-las com\u00a0<b>pre\u00e7os mais baixos e atrativos<\/b>.<\/p>\n<p>No entanto, voce\u0302 ja\u0301 ouviu aquela histo\u0301ria de que \u2018o barato sai caro\u2019, ne\u0301?<\/p>\n<p>E e\u0301 justamente o que pode acontecer. Decidir por essa modalidade pode gerar\u00a0<b>transtornos<\/b>.<\/p>\n<p><b>Muitas s\u00e3o as preocupa\u00e7\u00f5es com empresas e profissionais informais, por exemplo:<\/b><\/p>\n<ul>\n<li>Em geral\u00a0<b>n\u00e3o possuem seguro<\/b>;<\/li>\n<li>N\u00e3o s\u00e3o profissionais treinados e capacitados;<\/li>\n<li>N\u00e3o possuem gerenciamento de risco;<\/li>\n<li>N\u00e3o realizam rastreamento de suas cargas;<\/li>\n<li>N\u00e3o possuem\u00a0<a href=\"http:\/\/www.planalto.gov.br\/ccivil_03\/_ato2007-2010\/2007\/lei\/l11442.htm\">documentos<\/a>\u00a0e muitas vezes sequer a habilita\u00e7\u00e3o legal para exercer a atividade.<\/li>\n<\/ul>\n<p>S\u00f3 o que listamos j\u00e1 \u00e9 o suficiente para evitar este tipo de solu\u00e7\u00e3o.<\/p>\n<p>No entanto, ao contratar uma transportadora de confian\u00e7a, que possui experi\u00eancia no assunto, voc\u00ea estar\u00e1 tendo acesso a:<\/p>\n<ul>\n<li>Transporte com as devidas documenta\u00e7\u00f5es;<\/li>\n<li>Seguran\u00e7a;<\/li>\n<li>Agilidade e velocidade nas entregas<\/li>\n<li>Rastreabilidade;<\/li>\n<li>Mais confian\u00e7a nos seus servi\u00e7os.<\/li>\n<\/ul>\n<p>Est\u00e1 vendo a diferen\u00e7a?<\/p>\n<h2><b>MAS QUAL \u00c9 A SOLU\u00c7\u00c3O IDEAL PARA MINHA EMPRESA?<\/b><\/h2>\n<p>Quando o assunto \u00e9\u00a0<b>transporte de cargas<\/b>, sobretudo, de cargas pequenas,\u00a0<a href=\"https:\/\/www.picorelli.com.br\/sem-categoria\/235\/transporte-de-carga-fracionada-como-funciona\/\">o frete fracionado\u00a0<\/a>surge como uma das modalidades de entrega que mais tem se destacado nos \u00faltimos anos.<\/p>\n<p>Esse modelo \u00e9 compat\u00edvel com empresas de todos os portes, inclusive, possibilita que os neg\u00f3cios aumentem suas vendas e entreguem as encomendas com rapidez e seguran\u00e7a.<\/p>\n<p>Para que voc\u00ea compreenda como essa modalidade funciona, podemos dizer que o frete fracionado acontece quando diversas empresas\u00a0<b>compartilham\u00a0<\/b>o mesmo ve\u00edculo para enviar suas mercadorias.<\/p>\n<p>Nesse caso,\u00a0<b>os custos do frete tamb\u00e9m s\u00e3o divididos entre elas, deixando a opera\u00e7\u00e3o bem mais em conta.<\/b><\/p>\n<p>Portanto, se voc\u00ea tem uma loja de roupas e um de seus clientes faz um pedido de apenas uma camisa, o frete fracionado ser\u00e1 a modalidade de entrega com<b>\u00a0melhor custo-benef\u00edcio.<\/b><\/p>\n<p>Al\u00e9m do fato de que a transportadora cuidar\u00e1 de todo o processo at\u00e9 a chegada da mercadoria ao destino final, o que j\u00e1 facilita muito o seu trabalho, o fracionamento tamb\u00e9m traz outras vantagens, como:<\/p>\n<ul>\n<li>Seguran\u00e7a nos processos de transporte;<\/li>\n<li>Prazo de entrega;<\/li>\n<li>Otimiza\u00e7\u00e3o do estoque da empresa.<\/li>\n<\/ul>\n<h2><b>MAS COMO O TRANSPORTE DE UMA CARGA PEQUENA \u00c9 CALCULADO NESSA MODALIDADE?<\/b><\/h2>\n<p>Algumas vari\u00e1veis precisam ser levadas em conta na hora de calcular o valor do\u00a0<strong>frete<\/strong>\u00a0<b>e transporte de pequenas cargas.<\/b><\/p>\n<p>S\u00e3o elas:<\/p>\n<h3><b>Dist\u00e2ncia a ser percorrida<\/b><\/h3>\n<p>A\u00a0<b>dist\u00e2ncia percorrida<\/b>\u00a0pelo produto at\u00e9 chegar nas m\u00e3os do comprador \u00e9 um dos primeiros requisitos na hora de precificar o frete e transporte de pequenas cargas.<\/p>\n<p>Por exemplo, se voc\u00ea instruiu a transportadora a retirar uma encomenda na cidade de Petr\u00f3polis e quer encaminhar para Contagem, pagar\u00e1 uma determinada quantia.<\/p>\n<p>Caso voc\u00ea mude o destino do produto e selecione, por exemplo, Porto Alegre, \u00e9 bem prov\u00e1vel que o valor do frete ser\u00e1 maior.<\/p>\n<p>Dessa forma,\u00a0<b>quanto maior a dist\u00e2ncia a ser percorrida, maior o valor do frete<\/b>.<\/p>\n<h3><b>Peso da mercadoria e dimens\u00e3o<\/b><\/h3>\n<p>O\u00a0<b>peso do produto<\/b>\u00a0e\u0301 outro fator que influencia no custo do frete, afinal, esse item afeta diretamente a quantidade de carga que podera\u0301 ser transportada em uma u\u0301nica viagem,\u00a0<b>assim como o espa\u00e7o que ela ocupa.\u00a0<\/b><\/p>\n<p>Por exemplo, um pacote de algod\u00e3o \u00e9 extremamente leve, por\u00e9m ocupa um grande espa\u00e7o.<\/p>\n<p>Resumindo,\u00a0<b>pacotes mais pesados ou volumosos te\u0302m um valor de frete superior aos mais leves<\/b>\u00a0e pequenos.<\/p>\n<h3><b>Valor do produto<\/b><\/h3>\n<p>O\u00a0<b>valor do produto<\/b>\u00a0transportado tamb\u00e9m pode influenciar o custo final do frete e transporte de pequenas cargas.<\/p>\n<p>Isso acontece porque a maioria das empresas cobra uma porcentagem sobre o valor da nota fiscal, que \u00e9 conhecida como taxa de gerenciamento de riscos.<\/p>\n<p>Um\u00a0<a href=\"https:\/\/www.picorelli.com.br\/sem-categoria\/265\/voce-sabe-o-que-e-frete-valor\/\">produto de valor elevado<\/a>, por exemplo, necessitar\u00e1 de maiores cuidados e estrat\u00e9gias de preven\u00e7\u00e3o para impedir avarias e extravios.<\/p>\n<p>Dessa forma,\u00a0<b>cargas com alto valor costumam ter um frete mais caro do que produtos simples e mais baratos.<\/b><\/p>\n<h3><b>Prazo de entrega<\/b><\/h3>\n<p>O\u00a0<b>prazo de entrega<\/b>\u00a0combinado antes do seu cliente fechar a compra tamb\u00e9m ser\u00e1 levado em conta na hora de calcular o valor do frete.<\/p>\n<p><b>Quanto maior a urg\u00eancia em se entregar determinada mercadoria, haver\u00e1 aumento no valor do frete<\/b>, pois ser\u00e1 necess\u00e1ria uma log\u00edstica que a priorize em rela\u00e7\u00e3o aos demais pacotes.<\/p>\n<h3><b>Custo da opera\u00e7\u00e3o<\/b><\/h3>\n<p>Garantir o funcionamento perfeito do transporte fracionado de cargas exige esfor\u00e7o e investimento por parte das transportadoras.<\/p>\n<p>Esses valores s\u00e3o embutidos no valor do frete. No entanto, \u00e9 importante lembrar que trata-se de uma taxa que visa melhorar o servi\u00e7o de transporte prestado e, portanto, \u00e9 revertido em\u00a0<b>benef\u00edcios para sua empresa<\/b>.<\/p>\n<h3><b>Mais taxas<\/b><\/h3>\n<p>Al\u00e9m dos custos citados acima, existem outras\u00a0<b>taxas\u00a0<\/b>que s\u00e3o embutidas no valor final do frete fracionado, como ped\u00e1gios e seguro de mercadorias.<\/p>\n<p>Enquanto que o seguro, apesar de ser um valor a mais, \u00e9 um grande benef\u00edcio \u00e0 empresa, j\u00e1 que confere ainda mais seguran\u00e7a \u00e0 carga.<\/p>\n<p>O mais importante \u00e9 lembrar que\u00a0<b>todos esses custos elencados acima ser\u00e3o repartidos entre as empresas\u00a0<\/b>conforme a utiliza\u00e7\u00e3o de espa\u00e7o no compartimento do ve\u00edculo de transporte.<\/p>\n<p>Viu s\u00f3 como \u00e9 essencial investir em uma transportadora de confian\u00e7a para te ajudar a gerir o f<b>rete e transporte de pequenas cargas<\/b>?<\/p>\n<p>Que tal aproveitar que voc\u00ea chegou at\u00e9 aqui e obter ajuda de uma das empresas que mais entende do assunto no pa\u00eds?<\/p>\n<p>Pe\u00e7a um\u00a0<a href=\"https:\/\/www.picorelli.com.br\/fale-conosco\/\">or\u00e7amento personalizado<\/a>\u00a0para nossa equipe!\u00a0\u00a0Estamos preparados para atuar em conjunto com o seu neg\u00f3cio e, juntos, alcan\u00e7armos resultados ainda mais expressivos!<\/p>\n","protected":false},"excerpt":{"rendered":"<p>A gest\u00e3o de\u00a0frete e transporte de pequenas cargas\u00a0tem sido um problema para sua empresa? Talvez seja o momento de contratar [&hellip;]<\/p>\n","protected":false},"author":2,"featured_media":384,"comment_status":"open","ping_status":"open","sticky":false,"template":"","format":"standard","meta":{"footnotes":""},"categories":[3],"tags":[],"class_list":["post-383","post","type-post","status-publish","format-standard","has-post-thumbnail","hentry","category-noticia"],"acf":[],"_links":{"self":[{"href":"https:\/\/i2w.com.br\/picorelli\/wp-json\/wp\/v2\/posts\/383","targetHints":{"allow":["GET"]}}],"collection":[{"href":"https:\/\/i2w.com.br\/picorelli\/wp-json\/wp\/v2\/posts"}],"about":[{"href":"https:\/\/i2w.com.br\/picorelli\/wp-json\/wp\/v2\/types\/post"}],"author":[{"embeddable":true,"href":"https:\/\/i2w.com.br\/picorelli\/wp-json\/wp\/v2\/users\/2"}],"replies":[{"embeddable":true,"href":"https:\/\/i2w.com.br\/picorelli\/wp-json\/wp\/v2\/comments?post=383"}],"version-history":[{"count":1,"href":"https:\/\/i2w.com.br\/picorelli\/wp-json\/wp\/v2\/posts\/383\/revisions"}],"predecessor-version":[{"id":385,"href":"https:\/\/i2w.com.br\/picorelli\/wp-json\/wp\/v2\/posts\/383\/revisions\/385"}],"wp:featuredmedia":[{"embeddable":true,"href":"https:\/\/i2w.com.br\/picorelli\/wp-json\/wp\/v2\/media\/384"}],"wp:attachment":[{"href":"https:\/\/i2w.com.br\/picorelli\/wp-json\/wp\/v2\/media?parent=383"}],"wp:term":[{"taxonomy":"category","embeddable":true,"href":"https:\/\/i2w.com.br\/picorelli\/wp-json\/wp\/v2\/categories?post=383"},{"taxonomy":"post_tag","embeddable":true,"href":"https:\/\/i2w.com.br\/picorelli\/wp-json\/wp\/v2\/tags?post=383"}],"curies":[{"name":"wp","href":"https:\/\/api.w.org\/{rel}","templated":true}]}}