{"id":396,"date":"2023-01-26T21:00:41","date_gmt":"2023-01-26T18:00:41","guid":{"rendered":"https:\/\/i2w.com.br\/picorelli\/?p=396"},"modified":"2023-01-26T21:03:56","modified_gmt":"2023-01-26T18:03:56","slug":"prevencao-ao-coronavirus-nas-empresas-1-guia-para-gestores","status":"publish","type":"post","link":"https:\/\/i2w.com.br\/picorelli\/noticia\/prevencao-ao-coronavirus-nas-empresas-1-guia-para-gestores\/","title":{"rendered":"PREVEN\u00c7\u00c3O AO CORONAV\u00cdRUS NAS EMPRESAS: 1 GUIA PARA GESTORES"},"content":{"rendered":"<p>Medidas de\u00a0<b>preven\u00e7\u00e3o ao coronav\u00edrus nas empresas?<\/b>\u00a0Este \u00e9 um assunto extremamente importante e que se faz necess\u00e1rio abordar nesse momento.\u00a0<span id=\"more-370\"><\/span><\/p>\n<p>Afinal, a chegada do\u00a0<a href=\"http:\/\/www.cortesvillela.com.br\/noticias\/coronavirus-saiba-tudo-sobre-a-covid-19.html\">coronav\u00edrus\u00a0<\/a>alterou a rotina de trabalho interna de trabalho de diversas companhias, que chegaram a adotar o home office e hor\u00e1rios alternativos para limitar o tr\u00e2nsito nos escrit\u00f3rios.<\/p>\n<p>No entanto, existem os casos em que o trabalho presencial \u00e9 essencial, o que obriga as empresas a\u00a0<b>redobrar os cuidados e adotar regras para o contato<\/b>, como uma dist\u00e2ncia m\u00ednima entre os funcion\u00e1rios, por exemplo.<\/p>\n<p>Mas o que mais pode ser feito para evitar o avan\u00e7o do coronav\u00edrus no ambiente de trabalho da sua empresa? Continue a leitura para descobrir!<\/p>\n<h2><b>MEDIDAS DE PREVEN\u00c7\u00c3O AO CORONAV\u00cdRUS NAS EMPRESAS: O QUE FAZER?<\/b><\/h2>\n<p>Como j\u00e1 dissemos, por mais que a maioria das companhias tenham adotado medidas de\u00a0<b>preven\u00e7\u00e3o ao coronav\u00edrus nas empresas<\/b>, como o trabalho remoto, certos tipos de atividades necessitam da presen\u00e7a humana.<\/p>\n<p>\u00c9 o caso do transporte de cargas, por exemplo, considerado uma\u00a0<b>atividade essencial\u00a0<\/b>e que necessita de pessoas para a sua execu\u00e7\u00e3o.<\/p>\n<p>Aqui na Picorelli n\u00f3s temos trabalhado, sobretudo, de forma\u00a0<b>preventiva<\/b>, orientando motoristas,\u00a0<a href=\"https:\/\/www.picorelli.com.br\/sem-categoria\/316\/seguranca-para-caminhoneiros-durante-a-pandemia\/\">caminhoneiros\u00a0<\/a>e todos os colaboradores, tanto no manuseio da carga, quanto na hora da entrega do produto.<\/p>\n<p>At\u00e9 porque, os \u00f3rg\u00e3os de sa\u00fade j\u00e1 comprovaram que o ambiente de trabalho \u00e9 um local com grande\u00a0<b>potencial de multiplica\u00e7\u00e3o do v\u00edrus<\/b>, uma vez que as pessoas ficam juntas por horas, conversando umas com as outras e compartilhando documentos, equipamentos e outros materiais que podem alojar o v\u00edrus.<\/p>\n<p>Diante desse cen\u00e1rio, fica cada vez mais evidente que as empresas precisam ter um plano para evitar que a doen\u00e7a se propague, com foco na orienta\u00e7\u00e3o e dissemina\u00e7\u00e3o das informa\u00e7\u00f5es certas.<\/p>\n<p>Ent\u00e3o, quais medidas de preven\u00e7\u00e3o ao coronav\u00edrus nas empresas adotar? Confira abaixo o guia para gestores que preparamos.<\/p>\n<h3><b>1- Oriente seus colaboradores<\/b><\/h3>\n<p>A principal a\u00e7\u00e3o para preven\u00e7\u00e3o ao coronav\u00edrus nas empresas ou em qualquer lugar \u00e9 a\u00a0<b>higieniza\u00e7\u00e3o frequente das m\u00e3os, seja com \u00e1gua e sab\u00e3o ou \u00e1lcool 70%.\u00a0<\/b><\/p>\n<p>Disponibilize dispensadores de \u00e1lcool em gel ou desinfetante para as m\u00e3os no local de trabalho e certifique-se que eles estejam abastecidos.<\/p>\n<p>\u00c9 importante que os empregadores estimulem a ado\u00e7\u00e3o de\u00a0<b>h\u00e1bitos saud\u00e1veis<\/b>\u00a0e de preven\u00e7\u00e3o\u00a0 por meio de campanhas internas, como\u00a0folhetos informativos com as instru\u00e7\u00f5es para a lavagem correta das m\u00e3os, principalmente nos banheiros, al\u00e9m de refor\u00e7ar a import\u00e2ncia ter cuidados ao tossir e espirrar.<\/p>\n<p>Al\u00e9m disso, \u00e9 sempre importante refor\u00e7ar e verificar se os funcion\u00e1rios est\u00e3o trabalhando seguindos as dist\u00e2ncias m\u00ednimas de contato.<\/p>\n<p>Equipes de medicina do trabalho e gest\u00e3o de pessoas tamb\u00e9m devem estar capacitadas para orientar e tirar d\u00favidas dos funcion\u00e1rios.<\/p>\n<h3><b>2- Promova a higiene respirat\u00f3ria<\/b><\/h3>\n<p>Al\u00e9m de orientar sobre a necessidade de manter dist\u00e2ncia, ter cuidado ao tossir e espirrar e usar m\u00e1scaras, \u00e9 preciso disponibilizar tamb\u00e9m len\u00e7os descart\u00e1veis em diversos locais do ambiente de trabalho para o empregado assoar o nariz ou tossir sem espalhar got\u00edculas com v\u00edrus.<\/p>\n<p>Lixeiras com tampa precisam estar pr\u00f3ximas aos colaboradores para jogar fora o papel adequadamente.<\/p>\n<p>Cadeiras, mesas, telefones, teclados computadores e outros equipamentos precisam ser higienizados com pano e desinfetante regularmente.<\/p>\n<h3><b>3- Cuide de seus colaboradores<\/b><\/h3>\n<p>Funcion\u00e1rios com condi\u00e7\u00f5es m\u00e9dicas que aumentam o risco de complica\u00e7\u00f5es da covid-19 merecem aten\u00e7\u00e3o especial. Portanto, \u00e9 recomend\u00e1vel que eles sejam afastados ou fa\u00e7am trabalho remoto neste per\u00edodo.<\/p>\n<p>Colaboradores que apresentarem os sintomas de COVID-19 devem ser orientados a procurar os servi\u00e7os de sa\u00fade e n\u00e3o ir, em hip\u00f3tese alguma, trabalhar, mesmo que seja sintomas leves.<\/p>\n<p>Viagens nacionais e internacionais devem ser canceladas, Enquanto que aquelas consideradas essenciais devem passar por avalia\u00e7\u00e3o. Se poss\u00edvel, adie para outro momento ou busque uma solu\u00e7\u00e3o digital para tratar este assunto.<\/p>\n<p>Substitua reuni\u00f5es f\u00edsicas por videoconfer\u00eancias e flexibilize a escala de trabalho para evitar que os funcion\u00e1rios utilizem o transporte p\u00fablico em hor\u00e1rio de pico.<\/p>\n<h3><b>4- Reduzir impactos<\/b><\/h3>\n<p>As empresas devem estudar sua opera\u00e7\u00e3o para entender quais aspectos de sua atividade podem ser afetados pela epidemia e o que fazer para minimizar os efeitos. Por exemplo:<\/p>\n<ul>\n<li>criar comit\u00eas de crise que dialoguem com todos os setores;<\/li>\n<li>Identificar fornecedores alternativos para n\u00e3o interromper o funcionamento da empresa;<\/li>\n<li>estar sempre monitorando a situa\u00e7\u00e3o.<\/li>\n<\/ul>\n<h3><b>5- Planejar<\/b><\/h3>\n<p>As organiza\u00e7\u00f5es devem tra\u00e7ar cen\u00e1rios poss\u00edveis e esbo\u00e7ar atitudes a serem adotadas, sempre pensando nas pessoas e na manuten\u00e7\u00e3o das suas opera\u00e7\u00f5es.<\/p>\n<p>Recomenda-se avaliar tamb\u00e9m as pol\u00edticas para o eventual cancelamento das atividades fornecidas, como eventos e viagens programados para os pr\u00f3ximos meses.<\/p>\n<p>\u00c9 importante ressaltar que qualquer atitude deve ser adotada com base nas recomenda\u00e7\u00f5es das autoridades de sa\u00fade, mas \u00e9 certo que se as a\u00e7\u00f5es sugeridas forem seguidos, funcion\u00e1rios e o neg\u00f3cio como um todo estar\u00e1 mais protegido.<\/p>\n<p>Quais outras dicas de\u00a0<b>preven\u00e7\u00e3o ao coronav\u00edrus nas empresas<\/b>\u00a0voc\u00ea gostaria de compartilhar conosco? Deixe um\u00a0<a href=\"https:\/\/www.picorelli.com.br\/fale-conosco\/\">coment\u00e1rio<\/a>.<\/p>\n","protected":false},"excerpt":{"rendered":"<p>Medidas de\u00a0preven\u00e7\u00e3o ao coronav\u00edrus nas empresas?\u00a0Este \u00e9 um assunto extremamente importante e que se faz necess\u00e1rio abordar nesse momento.\u00a0 Afinal, [&hellip;]<\/p>\n","protected":false},"author":2,"featured_media":397,"comment_status":"open","ping_status":"open","sticky":false,"template":"","format":"standard","meta":{"footnotes":""},"categories":[3],"tags":[],"class_list":["post-396","post","type-post","status-publish","format-standard","has-post-thumbnail","hentry","category-noticia"],"acf":[],"_links":{"self":[{"href":"https:\/\/i2w.com.br\/picorelli\/wp-json\/wp\/v2\/posts\/396","targetHints":{"allow":["GET"]}}],"collection":[{"href":"https:\/\/i2w.com.br\/picorelli\/wp-json\/wp\/v2\/posts"}],"about":[{"href":"https:\/\/i2w.com.br\/picorelli\/wp-json\/wp\/v2\/types\/post"}],"author":[{"embeddable":true,"href":"https:\/\/i2w.com.br\/picorelli\/wp-json\/wp\/v2\/users\/2"}],"replies":[{"embeddable":true,"href":"https:\/\/i2w.com.br\/picorelli\/wp-json\/wp\/v2\/comments?post=396"}],"version-history":[{"count":1,"href":"https:\/\/i2w.com.br\/picorelli\/wp-json\/wp\/v2\/posts\/396\/revisions"}],"predecessor-version":[{"id":398,"href":"https:\/\/i2w.com.br\/picorelli\/wp-json\/wp\/v2\/posts\/396\/revisions\/398"}],"wp:featuredmedia":[{"embeddable":true,"href":"https:\/\/i2w.com.br\/picorelli\/wp-json\/wp\/v2\/media\/397"}],"wp:attachment":[{"href":"https:\/\/i2w.com.br\/picorelli\/wp-json\/wp\/v2\/media?parent=396"}],"wp:term":[{"taxonomy":"category","embeddable":true,"href":"https:\/\/i2w.com.br\/picorelli\/wp-json\/wp\/v2\/categories?post=396"},{"taxonomy":"post_tag","embeddable":true,"href":"https:\/\/i2w.com.br\/picorelli\/wp-json\/wp\/v2\/tags?post=396"}],"curies":[{"name":"wp","href":"https:\/\/api.w.org\/{rel}","templated":true}]}}