{"id":415,"date":"2023-01-27T18:24:24","date_gmt":"2023-01-27T15:24:24","guid":{"rendered":"https:\/\/i2w.com.br\/picorelli\/?p=415"},"modified":"2023-01-27T18:24:24","modified_gmt":"2023-01-27T15:24:24","slug":"premio-melhor-ar","status":"publish","type":"post","link":"https:\/\/i2w.com.br\/picorelli\/noticia\/premio-melhor-ar\/","title":{"rendered":"PR\u00caMIO MELHOR AR"},"content":{"rendered":"<p>\u00c9 com grande satisfa\u00e7\u00e3o que a Picorelli Transportes, pelo terceiro ano consecutivo, recebe o pr\u00eamio OURO de Melhor Ar!<\/p>\n<p>Esta premia\u00e7\u00e3o foi criada pela FETCEMG (Federa\u00e7\u00e3o das Empresas de Transportes de Carga do Estado de Minas Gerais), visando homenagear as empresas que s\u00e3o ambientalmente respons\u00e1veis, controlando a emiss\u00e3o de poluentes de sua frota e que buscam a constante evolu\u00e7\u00e3o para a melhoria da qualidade do ar por meio do uso consciente de combust\u00edveis, bem como regulagem e manuten\u00e7\u00e3o de motores.<\/p>\n<p>Para receber o pr\u00eamio ouro, os ve\u00edculos da frota da Picorelli foram testados, sendo aprovados segundo os crit\u00e9rios adotados pela Despoluir. Este resultado \u00e9 fruto do compromisso da empresa e de seus colaboradores para a realiza\u00e7\u00e3o de projetos que visam a melhoria cont\u00ednua e responsabilidade ambiental, visando tornar o transporte rodovi\u00e1rio de cargas cada vez mais eficiente e sustent\u00e1vel.<\/p>\n<p>N\u00f3s da Picorelli, buscamos sempre trazer o melhor para voc\u00ea e seu cliente!<\/p>\n","protected":false},"excerpt":{"rendered":"<p>\u00c9 com grande satisfa\u00e7\u00e3o que a Picorelli Transportes, pelo terceiro ano consecutivo, recebe o pr\u00eamio OURO de Melhor Ar! Esta [&hellip;]<\/p>\n","protected":false},"author":2,"featured_media":416,"comment_status":"open","ping_status":"open","sticky":false,"template":"","format":"standard","meta":{"footnotes":""},"categories":[3],"tags":[],"class_list":["post-415","post","type-post","status-publish","format-standard","has-post-thumbnail","hentry","category-noticia"],"acf":[],"_links":{"self":[{"href":"https:\/\/i2w.com.br\/picorelli\/wp-json\/wp\/v2\/posts\/415","targetHints":{"allow":["GET"]}}],"collection":[{"href":"https:\/\/i2w.com.br\/picorelli\/wp-json\/wp\/v2\/posts"}],"about":[{"href":"https:\/\/i2w.com.br\/picorelli\/wp-json\/wp\/v2\/types\/post"}],"author":[{"embeddable":true,"href":"https:\/\/i2w.com.br\/picorelli\/wp-json\/wp\/v2\/users\/2"}],"replies":[{"embeddable":true,"href":"https:\/\/i2w.com.br\/picorelli\/wp-json\/wp\/v2\/comments?post=415"}],"version-history":[{"count":1,"href":"https:\/\/i2w.com.br\/picorelli\/wp-json\/wp\/v2\/posts\/415\/revisions"}],"predecessor-version":[{"id":417,"href":"https:\/\/i2w.com.br\/picorelli\/wp-json\/wp\/v2\/posts\/415\/revisions\/417"}],"wp:featuredmedia":[{"embeddable":true,"href":"https:\/\/i2w.com.br\/picorelli\/wp-json\/wp\/v2\/media\/416"}],"wp:attachment":[{"href":"https:\/\/i2w.com.br\/picorelli\/wp-json\/wp\/v2\/media?parent=415"}],"wp:term":[{"taxonomy":"category","embeddable":true,"href":"https:\/\/i2w.com.br\/picorelli\/wp-json\/wp\/v2\/categories?post=415"},{"taxonomy":"post_tag","embeddable":true,"href":"https:\/\/i2w.com.br\/picorelli\/wp-json\/wp\/v2\/tags?post=415"}],"curies":[{"name":"wp","href":"https:\/\/api.w.org\/{rel}","templated":true}]}}