{"id":466,"date":"2023-01-27T19:49:18","date_gmt":"2023-01-27T16:49:18","guid":{"rendered":"https:\/\/i2w.com.br\/picorelli\/?p=466"},"modified":"2023-01-27T19:49:18","modified_gmt":"2023-01-27T16:49:18","slug":"restricoes-de-circulacao-de-caminhoes-nas-principais-capitais-e-o-impacto-no-transporte","status":"publish","type":"post","link":"https:\/\/i2w.com.br\/picorelli\/noticia\/restricoes-de-circulacao-de-caminhoes-nas-principais-capitais-e-o-impacto-no-transporte\/","title":{"rendered":"RESTRI\u00c7\u00d5ES DE CIRCULA\u00c7\u00c3O DE CAMINH\u00d5ES NAS PRINCIPAIS CAPITAIS E O IMPACTO NO TRANSPORTE"},"content":{"rendered":"<p>Em\u00a0 grandes centros e capitais, normalmente existem restri\u00e7\u00f5es de tr\u00e2nsito que limitam a circula\u00e7\u00e3o de determinados tipos de ve\u00edculos, inclusive caminh\u00f5es. Essas restri\u00e7\u00f5es impactam diretamente nos servi\u00e7os de transporte, pois os ve\u00edculos s\u00f3 podem acessar as \u00e1reas em determinados hor\u00e1rios que, normalmente, s\u00e3o fora do hor\u00e1rio comercial. Com isso, \u00e9 necess\u00e1rio que tanto as empresas de transporte, quanto as empresas que necessitam desse tipo de servi\u00e7o, fiquem atentas a essas restri\u00e7\u00f5es para que n\u00e3o sejam pegas de surpresa e possam realizar o transporte sem transtornos.<\/p>\n<p>&nbsp;<\/p>\n<p>Neste artigo, separamos algumas restri\u00e7\u00f5es que s\u00e3o aplicadas em capitais do sudeste e algumas dicas de como se planejar para evitar que elas atrapalhem o dia-a-dia da sua empresa! Ficou interessado? Continue lendo!!<\/p>\n<p>&nbsp;<\/p>\n<p><strong>Restri\u00e7\u00f5es de Circula\u00e7\u00e3o<\/strong><\/p>\n<p>As restri\u00e7\u00f5es de circula\u00e7\u00e3o normalmente s\u00e3o leis municipais que visam regulamentar o tr\u00e2nsito de ve\u00edculos em per\u00edmetros urbanos. Essas leis tem como objetivo evitar que determinados ve\u00edculos trafeguem em lugares espec\u00edficos, seja por motivos de conten\u00e7\u00e3o de congestionamentos, ou at\u00e9 mesmo por quest\u00f5es estruturais das vias. Separamos alguns exemplos de capitais que adotam essas medidas:<\/p>\n<p>&nbsp;<\/p>\n<p><strong>S\u00e3o Paulo \u2013 Capital<\/strong><\/p>\n<p>O munic\u00edpio de S\u00e3o Paulo possui diversos tipos de restri\u00e7\u00f5es ao tr\u00e2nsito de autom\u00f3veis e caminh\u00f5es. O mais conhecido deles \u00e9 o rod\u00edzio de placas, nos quais todos os ve\u00edculos s\u00e3o enquadrados e n\u00e3o podem circular em determinadas \u00e1reas em dias espec\u00edficos da semana, de acordo com o \u00faltimo n\u00famero da placa do ve\u00edculo. Por\u00e9m, al\u00e9m do rod\u00edzio de placas, existe tamb\u00e9m a restri\u00e7\u00e3o de circula\u00e7\u00e3o de ve\u00edculos pesados, como caminh\u00f5es. Os hor\u00e1rios e restri\u00e7\u00f5es variam de acordo com a localidade, por\u00e9m, podemos destacar os dois principais:<\/p>\n<p>&nbsp;<\/p>\n<ol>\n<li>VER \u2013 Vias Estruturais Restritas<\/li>\n<\/ol>\n<p>S\u00e3o vias e avenidas de grande movimenta\u00e7\u00e3o da cidade, sendo grandes corredores de acessos a diversos pontos da cidade. Nesta restri\u00e7\u00e3o enquadra-se avenidas como Marginal Tiet\u00ea e Pinheiros, Av. dos Bandeirantes, Av. Marqu\u00eas de S. Vicente, Av. do Estado, Av. Tancredo Neves, Av. Salim Farah Maluf, Av. Pres. Paes de Barros entre outras vias.<\/p>\n<ul>\n<li>Na Marginal Pinheiros e na Avenida dos Bandeirantes, caminh\u00f5es n\u00e3o circulam entre 5h e 21h;<\/li>\n<li>Na Marginal Tiet\u00ea, caminh\u00f5es n\u00e3o podem circular das 5h \u00e0s 9h e das 17h \u00e0s 21h entre segunda e sexta-feira; aos s\u00e1bados, o per\u00edodo restrito \u00e9 das 10h \u00e0s 14h;<\/li>\n<li>Na regi\u00e3o do Morumbi, a restri\u00e7\u00e3o \u00e9 das 5h \u00e0s 21h nos dias de semana e das 10h \u00e0s 14h aos s\u00e1bados.<\/li>\n<\/ul>\n<p><img loading=\"lazy\" decoding=\"async\" class=\" wp-image-467 aligncenter\" src=\"http:\/\/i2w.com.br\/picorelli\/wp-content\/uploads\/2023\/01\/b1-300x196.png\" alt=\"\" width=\"355\" height=\"232\" srcset=\"https:\/\/i2w.com.br\/picorelli\/wp-content\/uploads\/2023\/01\/b1-300x196.png 300w, https:\/\/i2w.com.br\/picorelli\/wp-content\/uploads\/2023\/01\/b1.png 431w\" sizes=\"auto, (max-width: 355px) 100vw, 355px\" \/><\/p>\n<p><em>\u00a0 \u00a0 \u00a0 \u00a0 \u00a0 \u00a0 \u00a0 \u00a0 \u00a0 \u00a0 \u00a0 \u00a0 \u00a0 \u00a0 \u00a0 \u00a0 \u00a0 \u00a0 \u00a0 \u00a0 \u00a0 \u00a0 \u00a0 \u00a0 \u00a0 \u00a0 \u00a0 \u00a0 \u00a0 \u00a0 \u00a0 \u00a0 \u00a0 \u00a0 \u00a0 \u00a0 \u00a0 \u00a0 \u00a0 \u00a0 Figura 1- Mapa de Restri\u00e7\u00f5es \u2013 Fonte: CET<\/em><\/p>\n<p>&nbsp;<\/p>\n<ol start=\"2\">\n<li>ZMRC \u2013 Zona M\u00e1xima de Restri\u00e7\u00e3o de Circula\u00e7\u00e3o<\/li>\n<\/ol>\n<p>A Zona M\u00e1xima de Restri\u00e7\u00e3o de Circula\u00e7\u00e3o abrange a \u00e1rea do munic\u00edpio de maior concentra\u00e7\u00e3o de com\u00e9rcio e servi\u00e7os da cidade. Tamb\u00e9m conhecido como \u201cCentro Expandido\u201d. De acordo com a CET,\u00a0<em>\u201cO Centro Expandido da cidade de S\u00e3o Paulo \u00e9 uma \u00e1rea da cidade localizada ao redor do centro hist\u00f3rico, e delimitada pelo chamado mini-anel vi\u00e1rio, composto pelas marginais Tiet\u00ea e Pinheiros, mais as avenidas Salim Farah Maluf, Afonso d\u2019Escragnolle Taunay, Bandeirantes, Juntas Provis\u00f3rias, Presidente Tancredo Neves, Lu\u00eds In\u00e1cio de Anhaia Melo e o Complexo Vi\u00e1rio Maria Maluf.Esta regi\u00e3o da cidade concentra a maior parte dos servi\u00e7os, empregos e equipamentos culturais e de lazer da cidade\u201d<\/em>.<\/p>\n<p>A restri\u00e7\u00e3o de circula\u00e7\u00e3o para estas \u00e1reas se d\u00e1 de 2\u00aa a 6\u00aa feira das 05h \u00e0s 21h e aos s\u00e1bados das 10h \u00e0s 14h. Lembrando que o ve\u00edculo tamb\u00e9m dever\u00e1 respeitar o rod\u00edzio de placas.<\/p>\n<p><img loading=\"lazy\" decoding=\"async\" class=\"size-medium wp-image-468 aligncenter\" src=\"http:\/\/i2w.com.br\/picorelli\/wp-content\/uploads\/2023\/01\/b2-300x249.png\" alt=\"\" width=\"300\" height=\"249\" srcset=\"https:\/\/i2w.com.br\/picorelli\/wp-content\/uploads\/2023\/01\/b2-300x249.png 300w, https:\/\/i2w.com.br\/picorelli\/wp-content\/uploads\/2023\/01\/b2.png 382w\" sizes=\"auto, (max-width: 300px) 100vw, 300px\" \/><\/p>\n<p><em>\u00a0 \u00a0 \u00a0 \u00a0 \u00a0 \u00a0 \u00a0 \u00a0 \u00a0 \u00a0 \u00a0 \u00a0 \u00a0 \u00a0 \u00a0 \u00a0 \u00a0 \u00a0 \u00a0 \u00a0 \u00a0 \u00a0 \u00a0 \u00a0 \u00a0 \u00a0 \u00a0 \u00a0 \u00a0 \u00a0 \u00a0 \u00a0 \u00a0 \u00a0 \u00a0 \u00a0 \u00a0 \u00a0 \u00a0 \u00a0 \u00a0 \u00a0 \u00a0 \u00a0Figura 2- Mapa de Restri\u00e7\u00f5es \u2013 Fonte CET<\/em><\/p>\n<p>&nbsp;<\/p>\n<p>Falamos bastante das restri\u00e7\u00f5es, mas tamb\u00e9m h\u00e1 exce\u00e7\u00f5es \u00e0 regra e alguns ve\u00edculos possuem libera\u00e7\u00e3o para circular nessas \u00e1reas. S\u00e3o eles:<\/p>\n<ul>\n<li>Ve\u00edculo Urbano de Carga \u2013 VUC liberado em per\u00edodo integral, mas deve respeitar o rod\u00edzio municipal conforme o dia da semana e o final de placas.<\/li>\n<li>Acesso a estacionamento pr\u00f3prio;<\/li>\n<li>Coleta de Lixo<\/li>\n<li>Mudan\u00e7as;<\/li>\n<li>Obras e Servi\u00e7os Essenciais<\/li>\n<li>Servi\u00e7os de Urg\u00eancias<\/li>\n<li>Transporte de Materiais, M\u00e1quinas e Equipamentos para Constru\u00e7\u00e3o Civil dentre outros.<\/li>\n<\/ul>\n<p>Voc\u00ea pode conferir a lista completa das exce\u00e7\u00f5es no\u00a0<a href=\"http:\/\/www.cetsp.com.br\/consultas\/caminhoes\/excecoes.aspx\">site<\/a>\u00a0da prefeitura de S\u00e3o Paulo. L\u00e1 tamb\u00e9m \u00e9 poss\u00edvel encontrar o\u00a0<a href=\"http:\/\/www.cetsp.com.br\/media\/467777\/inf1563_rev1-maio-16-zmrc-ver-730x630.pdf\">mapa<\/a>\u00a0com as \u00e1reas e locais com restri\u00e7\u00f5es e seus respectivos hor\u00e1rios.<\/p>\n<p>Belo Horizonte<\/p>\n<p>Em Belo Horizonte, assim como em S\u00e3o Paulo, h\u00e1 restri\u00e7\u00f5es para caminh\u00f5es em algumas \u00e1reas, como Savassi, Lourdes, Centro e corredores de tr\u00e1fego. Por\u00e9m, as restri\u00e7\u00f5es aplicam-se para ve\u00edculos com capacidade de carga acima de 5,5 toneladas ou superiores a 6,5 metros, como por exemplo cavalos mec\u00e2nicos e carretas, conforme imagem abaixo disponibilizada no site da Prefeitura de Belo Horizonte:<\/p>\n<p><img loading=\"lazy\" decoding=\"async\" class=\" wp-image-469 aligncenter\" src=\"http:\/\/i2w.com.br\/picorelli\/wp-content\/uploads\/2023\/01\/b3-300x237.png\" alt=\"\" width=\"518\" height=\"409\" srcset=\"https:\/\/i2w.com.br\/picorelli\/wp-content\/uploads\/2023\/01\/b3-300x237.png 300w, https:\/\/i2w.com.br\/picorelli\/wp-content\/uploads\/2023\/01\/b3.png 460w\" sizes=\"auto, (max-width: 518px) 100vw, 518px\" \/><\/p>\n<p><em>\u00a0 \u00a0 \u00a0 \u00a0 \u00a0 \u00a0 \u00a0 \u00a0 \u00a0 \u00a0 \u00a0 \u00a0 \u00a0 \u00a0 \u00a0 \u00a0 \u00a0 \u00a0 \u00a0 \u00a0 \u00a0 \u00a0 \u00a0 \u00a0 \u00a0 \u00a0 \u00a0 \u00a0 \u00a0 \u00a0Tabela 1- Restri\u00e7\u00f5es de Tr\u00e2nsito BH \u2013 Fonte: Prefeitura de Belo Horizonte<\/em><\/p>\n<p>&nbsp;<\/p>\n<p>\u00c9 poss\u00edvel conferir todas as regras atrav\u00e9s do\u00a0<a href=\"https:\/\/prefeitura.pbh.gov.br\/bhtrans\/carga-urbana\/areas-de-carga-descarga-e-com-restricoes\">site da Prefeitura<\/a>\u00a0de Belo Horizonte.<\/p>\n<p>Rio de Janeiro \u2013 Capital<\/p>\n<p>Na capital fluminense, tamb\u00e9m h\u00e1 restri\u00e7\u00f5es para a circula\u00e7\u00e3o de caminh\u00f5es, bem como a opera\u00e7\u00e3o de carga e descarga em algumas regi\u00f5es da cidade. Sua \u00e1rea \u00e9 delimitada pela orla mar\u00edtima e demais vias, como a Rua Camerino, Rua do Riachuelo, trechos da Av. Presidente Vargas e Pra\u00e7a Mau\u00e1. Na \u00e1rea interna desse pol\u00edgono, os caminh\u00f5es est\u00e3o proibidos de circular e de efetuar opera\u00e7\u00f5es de carga e descarga de 6h \u00e0s 21h em dias \u00fateis. No pol\u00edgono delimitado por vias como Av. Francisco Bicalho, Av. Dom H\u00e9lder C\u00e2mara, Rua C\u00e2ndido Ben\u00edcio e Est. de Jacarepagu\u00e1, os caminh\u00f5es continuam proibidos de circular e realizar opera\u00e7\u00f5es de carga e descarga de 6h \u00e0s 10h e de 17h \u00e0s 21h em dias \u00fateis.<\/p>\n<p>Assim como em S\u00e3o Paulo, no Rio tamb\u00e9m h\u00e1 algumas exce\u00e7\u00f5es. Segundo a Prefeitura do Rio de Janeiro,\u00a0<em>\u201ccaminh\u00f5es de pequeno porte, chamados de Ve\u00edculos Urbanos de Carga (VUC), devem ter as seguintes dimens\u00f5es m\u00e1ximas: 2,50m de largura; 7,20m de comprimento; 3,50m de altura. Empresas que utilizam o VUC poder\u00e3o circular mediante uma autoriza\u00e7\u00e3o pr\u00e9via concedida pela Secretaria Municipal de Transportes\u201d<\/em>. Al\u00e9m deste, tamb\u00e9m \u00e9 permitido a circula\u00e7\u00e3o de caminh\u00f5es, desde que possuam a autoriza\u00e7\u00e3o, os seguintes casos:<\/p>\n<ul>\n<li>Ve\u00edculos de mudan\u00e7a residencial<\/li>\n<li>Ve\u00edculos que transportam valores, combust\u00edveis para portos e aeroportos<\/li>\n<li>Ve\u00edculos de socorro e emerg\u00eancia<\/li>\n<li>Ve\u00edculos destinados a obras, conserva\u00e7\u00e3o, manuten\u00e7\u00e3o, limpeza e servi\u00e7os de infraestrutura e ordenamento urbano de car\u00e1ter p\u00fablico<\/li>\n<li>Ve\u00edculos destinados ao transporte de gases medicinais, limitado a um eixo traseiro<\/li>\n<li>Ve\u00edculos com garagens nas \u00e1reas de restri\u00e7\u00e3o<\/li>\n<\/ul>\n<p>Impacto das restri\u00e7\u00f5es no transporte de cargas<\/p>\n<p>Como pudemos ver nos exemplos acima, em algumas cidades a circula\u00e7\u00e3o de caminh\u00f5es possuem algumas restri\u00e7\u00f5es e isso pode acarretar em atrasos no recebimento e entregas de mercadorias, caso n\u00e3o seja bem planejado. Caso a sua empresa esteja nessas localidades, \u00e9 necess\u00e1rio que haja uma programa\u00e7\u00e3o e planejamento para minimizar os impactos das restri\u00e7\u00f5es, afinal, voc\u00ea precisa que seus produtos e insumos sejam enviados e recebidos no prazo correto, n\u00e3o \u00e9 mesmo? Para isso separamos algumas dicas para tentar contornar esse problema:<\/p>\n<ul>\n<li>Verifique os hor\u00e1rios de restri\u00e7\u00f5es da localidade da sua empresa. Entre em contato com o transportador e alinhe o hor\u00e1rio em que a circula\u00e7\u00e3o \u00e9 permitida<\/li>\n<li>Adeque os hor\u00e1rios de sua empresa para o recebimento\/envio dos materiais. Al\u00e9m disso, \u00e9 importante que esses hor\u00e1rios sejam levados em considera\u00e7\u00e3o para o planejamento de produ\u00e7\u00e3o da sua empresa<\/li>\n<li>Mantenha um contato pr\u00f3ximo com a transportadora. Isso ajuda a evitar desencontros de informa\u00e7\u00f5es e poss\u00edveis atrasos<\/li>\n<\/ul>\n<p>A Picorelli Transportes est\u00e1 no mercado desde 1931, com uma equipe treinada e qualificada para realizar um transporte \u00e1gil e seguro para sua mercadoria. Atuamos em SP, MG e RJ com a qualidade de quem est\u00e1 h\u00e1 mais de 90 anos no mercado!<\/p>\n<p>Ficou interessado? Entre em contato conosco e fa\u00e7a j\u00e1 a sua cota\u00e7\u00e3o!<\/p>\n<p>&nbsp;<\/p>\n<p>&nbsp;<\/p>\n","protected":false},"excerpt":{"rendered":"<p>Em\u00a0 grandes centros e capitais, normalmente existem restri\u00e7\u00f5es de tr\u00e2nsito que limitam a circula\u00e7\u00e3o de determinados tipos de ve\u00edculos, inclusive [&hellip;]<\/p>\n","protected":false},"author":2,"featured_media":470,"comment_status":"open","ping_status":"open","sticky":false,"template":"","format":"standard","meta":{"footnotes":""},"categories":[3],"tags":[],"class_list":["post-466","post","type-post","status-publish","format-standard","has-post-thumbnail","hentry","category-noticia"],"acf":[],"_links":{"self":[{"href":"https:\/\/i2w.com.br\/picorelli\/wp-json\/wp\/v2\/posts\/466","targetHints":{"allow":["GET"]}}],"collection":[{"href":"https:\/\/i2w.com.br\/picorelli\/wp-json\/wp\/v2\/posts"}],"about":[{"href":"https:\/\/i2w.com.br\/picorelli\/wp-json\/wp\/v2\/types\/post"}],"author":[{"embeddable":true,"href":"https:\/\/i2w.com.br\/picorelli\/wp-json\/wp\/v2\/users\/2"}],"replies":[{"embeddable":true,"href":"https:\/\/i2w.com.br\/picorelli\/wp-json\/wp\/v2\/comments?post=466"}],"version-history":[{"count":1,"href":"https:\/\/i2w.com.br\/picorelli\/wp-json\/wp\/v2\/posts\/466\/revisions"}],"predecessor-version":[{"id":471,"href":"https:\/\/i2w.com.br\/picorelli\/wp-json\/wp\/v2\/posts\/466\/revisions\/471"}],"wp:featuredmedia":[{"embeddable":true,"href":"https:\/\/i2w.com.br\/picorelli\/wp-json\/wp\/v2\/media\/470"}],"wp:attachment":[{"href":"https:\/\/i2w.com.br\/picorelli\/wp-json\/wp\/v2\/media?parent=466"}],"wp:term":[{"taxonomy":"category","embeddable":true,"href":"https:\/\/i2w.com.br\/picorelli\/wp-json\/wp\/v2\/categories?post=466"},{"taxonomy":"post_tag","embeddable":true,"href":"https:\/\/i2w.com.br\/picorelli\/wp-json\/wp\/v2\/tags?post=466"}],"curies":[{"name":"wp","href":"https:\/\/api.w.org\/{rel}","templated":true}]}}