{"id":472,"date":"2023-01-27T19:56:23","date_gmt":"2023-01-27T16:56:23","guid":{"rendered":"https:\/\/i2w.com.br\/picorelli\/?p=472"},"modified":"2023-01-27T19:56:23","modified_gmt":"2023-01-27T16:56:23","slug":"maio-amarelo-seguranca-no-transporte-de-cargas","status":"publish","type":"post","link":"https:\/\/i2w.com.br\/picorelli\/noticia\/maio-amarelo-seguranca-no-transporte-de-cargas\/","title":{"rendered":"MAIO AMARELO: SEGURAN\u00c7A NO TRANSPORTE DE CARGAS"},"content":{"rendered":"<p class=\"has-black-color has-text-color\">O\u00a0<a href=\"https:\/\/maioamarelo.com\/\">Movimento Maio Amarelo<\/a>\u00a0vem para chamar a aten\u00e7\u00e3o para a seguran\u00e7a nas estradas. Neste ano, o tema \u00e9 \u201cJuntos salvamos vidas\u201d. O movimento busca conscientizar condutores, pedestres, motociclistas e ciclistas sobre os riscos de acidentes. E o transporte de carga \u00e9 uma \u00e1rea fundamental para a campanha.<\/p>\n<p class=\"has-black-color has-text-color\">O modal rodovi\u00e1rio \u00e9 o mais utilizado no Brasil e, por isso, exige cuidados especiais e responsabilidade por parte dos condutores e das empresas. Al\u00e9m disso, existem medidas de seguran\u00e7a essenciais que podem ser adotadas para diminuir os riscos de acidentes.<\/p>\n<p class=\"has-black-color has-text-color\">Em 2021, foram registradas 63.447 ocorr\u00eancias acidentais nas rodovias brasileiras (Fonte: Pol\u00edcia Rodovi\u00e1ria Federal).<\/p>\n<p class=\"has-black-color has-text-color\">Por isso, construir um tr\u00e2nsito melhor e menos perigoso \u00e9 uma tarefa que exige o comprometimento de todos. Assim, adotar o comportamento seguro nas estradas faz toda a diferen\u00e7a. Saiba mais neste artigo!<\/p>\n<p>&nbsp;<\/p>\n<p class=\"has-black-color has-text-color\"><strong>O movimento Maio Amarelo<\/strong><\/p>\n<p class=\"has-black-color has-text-color\">A campanha Maio Amarelo tem o intuito de mobilizar a popula\u00e7\u00e3o em prol das atitudes seguras no tr\u00e2nsito.<\/p>\n<p class=\"has-black-color has-text-color\">As a\u00e7\u00f5es s\u00e3o coordenadas entre o Poder P\u00fablico e a sociedade civil, com participa\u00e7\u00e3o de \u00f3rg\u00e3os governamentais, associa\u00e7\u00f5es civis, entidades de classe e companhias privadas.<\/p>\n<p class=\"has-black-color has-text-color\">O objetivo \u00e9 compartilhar informa\u00e7\u00f5es e propagar conhecimento nas mais diversas esferas da sociedade em rela\u00e7\u00e3o ao tema. Al\u00e9m disso, o movimento busca engajar a popula\u00e7\u00e3o para a ado\u00e7\u00e3o de comportamentos seguros nas estradas.<\/p>\n<p class=\"has-black-color has-text-color\">Assim, ser\u00e1 poss\u00edvel diminuir o \u00edndice de acidentes e tornar o tr\u00e2nsito mais pac\u00edfico. De acordo com a Organiza\u00e7\u00e3o Mundial da Sa\u00fade (OMS), a taxa de mortalidade no tr\u00e2nsito deve chegar a 2,4 milh\u00f5es de pessoas em 2030, caso nenhuma atitude seja tomada. Para diminuir essas proje\u00e7\u00f5es \u00e9 que o Maio Amarelo existe.<\/p>\n<p class=\"has-black-color has-text-color\">E um ponto fundamental dentro dessas a\u00e7\u00f5es \u00e9 a seguran\u00e7a no transporte rodovi\u00e1rio de carga. O Brasil possui uma alta demanda de transporte de mercadorias, e grande parte \u00e9 realizada por meio das rodovias.<\/p>\n<p class=\"has-black-color has-text-color\">O deslocamento de cargas apresenta uma s\u00e9rie de desafios. Dessa maneira, \u00e9 essencial entender quais s\u00e3o os riscos e colocar em pr\u00e1tica as atitudes que minimizem os acidentes. E, na Picorelli Transportes, estamos juntos para fortalecer esse movimento!<\/p>\n<p>&nbsp;<\/p>\n<p class=\"has-black-color has-text-color\"><strong>Seguran\u00e7a no transporte de cargas<\/strong><\/p>\n<p class=\"has-black-color has-text-color\">O sistema log\u00edstico do transporte de cargas exige bastante preparo, tanto das empresas respons\u00e1veis quanto dos motoristas dos ve\u00edculos.<\/p>\n<p class=\"has-black-color has-text-color\">Por isso, \u00e9 essencial que as situa\u00e7\u00f5es perigosas sejam minimizadas. A precariedade das estradas e a ocorr\u00eancia de acidentes s\u00e3o alguns dos principais problemas enfrentados nas rodovias.<\/p>\n<p class=\"has-black-color has-text-color\">Para isso, \u00e9 necess\u00e1rio compreender os perigos e tomar medidas que tornem os trajetos mais seguros. Veja algumas delas:<\/p>\n<p>&nbsp;<\/p>\n<p class=\"has-black-color has-text-color\"><strong><em>Plano de gerenciamento de riscos<\/em><\/strong><\/p>\n<p class=\"has-black-color has-text-color\">Um dos principais desafios do transporte rodovi\u00e1rio de cargas s\u00e3o as situa\u00e7\u00f5es imprevis\u00edveis, muito comuns no setor.<\/p>\n<p class=\"has-black-color has-text-color\">Realizar um\u00a0<a href=\"https:\/\/www.picorelli.com.br\/arquivos\/667\">planejamento<\/a>\u00a0de rotas, por exemplo, pode ajudar o motorista a evitar m\u00e1s condi\u00e7\u00f5es na estrada, como chuvas e estradas esburacadas.<\/p>\n<p class=\"has-black-color has-text-color\">Na Picorelli, essas a\u00e7\u00f5es t\u00eam feito a diferen\u00e7a, e n\u00e3o registramos acidentes de tr\u00e2nsito nos \u00faltimos 12 meses.<\/p>\n<p>&nbsp;<\/p>\n<p class=\"has-black-color has-text-color\"><strong><em>Sistema de monitoramento remoto<\/em><\/strong><\/p>\n<p class=\"has-black-color has-text-color\">O\u00a0<a href=\"https:\/\/www.picorelli.com.br\/arquivos\/848\">monitoramento remoto<\/a>\u00a0da frota \u00e9 uma forma muito efetiva de garantir a seguran\u00e7a do transporte de mercadorias e tamb\u00e9m dos motoristas.<\/p>\n<p class=\"has-black-color has-text-color\">Os dispositivos de GPS com monitoramento via sat\u00e9lite permitem o acompanhamento em detalhes da localiza\u00e7\u00e3o do caminh\u00e3o de carga.<\/p>\n<p class=\"has-black-color has-text-color\">Al\u00e9m disso, existem tecnologias que gerenciam a velocidade do ve\u00edculo e controlam o acionamento remoto da igni\u00e7\u00e3o, por exemplo.<\/p>\n<p class=\"has-black-color has-text-color\">Aqui, na Picorelli, acompanhamos semanalmente a velocidade de nossos ve\u00edculos de viagem, al\u00e9m de monitorarmos as jornadas e os intervalos de descanso dos motoristas.<\/p>\n<p>&nbsp;<\/p>\n<p class=\"has-black-color has-text-color\"><strong><em>Manuten\u00e7\u00e3o preventiva dos caminh\u00f5es<\/em><\/strong><\/p>\n<p class=\"has-black-color has-text-color\">Realizar a manuten\u00e7\u00e3o peri\u00f3dica dos caminh\u00f5es \u00e9 uma parte fundamental para garantir a seguran\u00e7a nas estradas.<\/p>\n<p class=\"has-black-color has-text-color\">A falha em algum componente mec\u00e2nico pode ocasionar acidentes, colocando a vida dos motoristas e de outros condutores em risco. Al\u00e9m disso, a quebra de caminh\u00f5es nas estradas \u00e9 uma das principais causas de bloqueios nas pistas.<\/p>\n<p class=\"has-black-color has-text-color\">Por isso, \u00e9 essencial estabelecer um calend\u00e1rio de manuten\u00e7\u00f5es preventivas nos diversos sistemas mec\u00e2nicos para manter o caminh\u00e3o rodando com toda a seguran\u00e7a.<\/p>\n<p>&nbsp;<\/p>\n<p class=\"has-black-color has-text-color\"><strong><em>Treinamentos da equipe<\/em><\/strong><\/p>\n<p class=\"has-black-color has-text-color\">O preparo dos motoristas para as situa\u00e7\u00f5es de risco nas estradas \u00e9 outra a\u00e7\u00e3o que previne acidentes nas rodovias.<\/p>\n<p class=\"has-black-color has-text-color\">Assim, realizamos treinamentos peri\u00f3dicos de reciclagem de dire\u00e7\u00e3o defensiva junto ao SEST SENAT para que nossos profissionais conduzam com cautela e estejam aptos a lidarem com situa\u00e7\u00f5es adversas.<\/p>\n<p class=\"has-black-color has-text-color\">A Picorelli apoia a campanha Maio Amarelo e oferece servi\u00e7os de qualidade de transporte de cargas. Somos especializados em transporte de carga fracionada e cargas urgentes.<\/p>\n<p class=\"has-black-color has-text-color\">A seguran\u00e7a faz parte dos nossos valores, e a nossa miss\u00e3o \u00e9 \u201cTransformar dist\u00e2ncias em solu\u00e7\u00f5es \u00e1geis, seguras e inovadoras\u201d.<\/p>\n<p class=\"has-black-color has-text-color\">Por isso, trabalhamos h\u00e1 mais de 90 anos com efici\u00eancia e confiabilidade para toda a cadeia produtiva da ind\u00fastria!<\/p>\n","protected":false},"excerpt":{"rendered":"<p>O\u00a0Movimento Maio Amarelo\u00a0vem para chamar a aten\u00e7\u00e3o para a seguran\u00e7a nas estradas. Neste ano, o tema \u00e9 \u201cJuntos salvamos vidas\u201d. [&hellip;]<\/p>\n","protected":false},"author":2,"featured_media":473,"comment_status":"open","ping_status":"open","sticky":false,"template":"","format":"standard","meta":{"footnotes":""},"categories":[3],"tags":[],"class_list":["post-472","post","type-post","status-publish","format-standard","has-post-thumbnail","hentry","category-noticia"],"acf":[],"_links":{"self":[{"href":"https:\/\/i2w.com.br\/picorelli\/wp-json\/wp\/v2\/posts\/472","targetHints":{"allow":["GET"]}}],"collection":[{"href":"https:\/\/i2w.com.br\/picorelli\/wp-json\/wp\/v2\/posts"}],"about":[{"href":"https:\/\/i2w.com.br\/picorelli\/wp-json\/wp\/v2\/types\/post"}],"author":[{"embeddable":true,"href":"https:\/\/i2w.com.br\/picorelli\/wp-json\/wp\/v2\/users\/2"}],"replies":[{"embeddable":true,"href":"https:\/\/i2w.com.br\/picorelli\/wp-json\/wp\/v2\/comments?post=472"}],"version-history":[{"count":1,"href":"https:\/\/i2w.com.br\/picorelli\/wp-json\/wp\/v2\/posts\/472\/revisions"}],"predecessor-version":[{"id":474,"href":"https:\/\/i2w.com.br\/picorelli\/wp-json\/wp\/v2\/posts\/472\/revisions\/474"}],"wp:featuredmedia":[{"embeddable":true,"href":"https:\/\/i2w.com.br\/picorelli\/wp-json\/wp\/v2\/media\/473"}],"wp:attachment":[{"href":"https:\/\/i2w.com.br\/picorelli\/wp-json\/wp\/v2\/media?parent=472"}],"wp:term":[{"taxonomy":"category","embeddable":true,"href":"https:\/\/i2w.com.br\/picorelli\/wp-json\/wp\/v2\/categories?post=472"},{"taxonomy":"post_tag","embeddable":true,"href":"https:\/\/i2w.com.br\/picorelli\/wp-json\/wp\/v2\/tags?post=472"}],"curies":[{"name":"wp","href":"https:\/\/api.w.org\/{rel}","templated":true}]}}