{"id":475,"date":"2023-01-27T19:57:38","date_gmt":"2023-01-27T16:57:38","guid":{"rendered":"https:\/\/i2w.com.br\/picorelli\/?p=475"},"modified":"2023-01-27T19:57:38","modified_gmt":"2023-01-27T16:57:38","slug":"dia-do-meio-ambiente-boas-praticas-no-transporte-de-cargas","status":"publish","type":"post","link":"https:\/\/i2w.com.br\/picorelli\/noticia\/dia-do-meio-ambiente-boas-praticas-no-transporte-de-cargas\/","title":{"rendered":"DIA DO MEIO AMBIENTE: BOAS PR\u00c1TICAS NO TRANSPORTE DE CARGAS"},"content":{"rendered":"<p>Promover a sustentabilidade e o equil\u00edbrio ambiental tem se tornado cada vez mais essencial. As mudan\u00e7as clim\u00e1ticas t\u00eam provocado grandes impactos, e toda a sociedade deve agir para contribuir com o futuro do planeta. E, no setor de transporte de cargas, a\u00a0<a href=\"https:\/\/www.picorelli.com.br\/arquivos\/111\">Picorelli<\/a>\u00a0tem feito a sua parte!<\/p>\n<p>Aproveitamos as comemora\u00e7\u00f5es do Dia Mundial do Meio Ambiente, celebrado anualmente em 5 de junho, para refor\u00e7armos a import\u00e2ncia do desenvolvimento sustent\u00e1vel.<\/p>\n<p>&nbsp;<\/p>\n<p><strong>O surgimento do Dia Mundial do Meio Ambiente<\/strong><\/p>\n<p>O Dia Mundial do Meio Ambiente foi institu\u00eddo pela Organiza\u00e7\u00e3o das Na\u00e7\u00f5es Unidas (ONU), na Confer\u00eancia das Na\u00e7\u00f5es Unidas sobre o Meio Ambiente Humano de 1972, em Estocolmo.<\/p>\n<p>A Confer\u00eancia de Estocolmo, como ficou conhecida, deu in\u00edcio a uma nova forma de enxergar as quest\u00f5es ambientais, al\u00e9m de estabelecer diretrizes para a pol\u00edtica ambiental em todo o mundo.<\/p>\n<p>&nbsp;<\/p>\n<p><strong>As a\u00e7\u00f5es que fazem a diferen\u00e7a no meio ambiente<\/strong><\/p>\n<p>Diminuir os impactos ambientais em nosso planeta exige mais do que planos, mas pr\u00e1ticas concretas que ajudem na sua preserva\u00e7\u00e3o.<\/p>\n<p>Conter a polui\u00e7\u00e3o atmosf\u00e9rica, otimizar os recursos naturais e promover a efici\u00eancia energ\u00e9tica s\u00e3o algumas das a\u00e7\u00f5es essenciais para chegarmos mais longe na miss\u00e3o de criarmos um mundo mais sustent\u00e1vel.<\/p>\n<p>E aqui, na Picorelli Transportes, assumimos o compromisso de realizar servi\u00e7os de transporte de cargas com qualidade e responsabilidade ambiental.<\/p>\n<p>&nbsp;<\/p>\n<p><strong>Picorelli: refer\u00eancia em boas pr\u00e1ticas ambientais<\/strong><\/p>\n<p>Na Picorelli, temos como ponto fundamental de nossos neg\u00f3cios o alinhamento entre a tecnologia, a seguran\u00e7a e o meio ambiente.<\/p>\n<p>Somos especializados em servi\u00e7os com cargas fracionadas e lota\u00e7\u00e3o seca, tendo como princ\u00edpio a qualidade e a efici\u00eancia.<\/p>\n<p>Por isso, temos nos destacado como uma das principais empresas sustent\u00e1veis do setor de transportes, contribuindo com a melhoria da qualidade do ar e com o uso racional de combust\u00edveis.<\/p>\n<p>Por meio dessas boas pr\u00e1ticas, recebemos por quatro anos consecutivos a premia\u00e7\u00e3o na Categoria Ouro no Melhor Ar (2018, 2019, 2020 e 2021), organizada pela Federa\u00e7\u00e3o de Empresas de Transporte de Cargas de Minas Gerais (Fetcemg), em parceria com o programa Despoluir, desenvolvido pela Confedera\u00e7\u00e3o Nacional de Transporte (CNT).<\/p>\n<p>E n\u00e3o paramos por a\u00ed! Seguimos nos desenvolvendo e trilhando o nosso caminho para transportar com ainda mais qualidade, tecnologia e sustentabilidade.<\/p>\n<p>&nbsp;<\/p>\n<p>Para saber mais sobre os nossos servi\u00e7os,\u00a0<a href=\"https:\/\/www.picorelli.com.br\/fale-conosco\">entre em contato<\/a>\u00a0conosco!<\/p>\n","protected":false},"excerpt":{"rendered":"<p>Promover a sustentabilidade e o equil\u00edbrio ambiental tem se tornado cada vez mais essencial. As mudan\u00e7as clim\u00e1ticas t\u00eam provocado grandes [&hellip;]<\/p>\n","protected":false},"author":2,"featured_media":476,"comment_status":"open","ping_status":"open","sticky":false,"template":"","format":"standard","meta":{"footnotes":""},"categories":[3],"tags":[],"class_list":["post-475","post","type-post","status-publish","format-standard","has-post-thumbnail","hentry","category-noticia"],"acf":[],"_links":{"self":[{"href":"https:\/\/i2w.com.br\/picorelli\/wp-json\/wp\/v2\/posts\/475","targetHints":{"allow":["GET"]}}],"collection":[{"href":"https:\/\/i2w.com.br\/picorelli\/wp-json\/wp\/v2\/posts"}],"about":[{"href":"https:\/\/i2w.com.br\/picorelli\/wp-json\/wp\/v2\/types\/post"}],"author":[{"embeddable":true,"href":"https:\/\/i2w.com.br\/picorelli\/wp-json\/wp\/v2\/users\/2"}],"replies":[{"embeddable":true,"href":"https:\/\/i2w.com.br\/picorelli\/wp-json\/wp\/v2\/comments?post=475"}],"version-history":[{"count":1,"href":"https:\/\/i2w.com.br\/picorelli\/wp-json\/wp\/v2\/posts\/475\/revisions"}],"predecessor-version":[{"id":477,"href":"https:\/\/i2w.com.br\/picorelli\/wp-json\/wp\/v2\/posts\/475\/revisions\/477"}],"wp:featuredmedia":[{"embeddable":true,"href":"https:\/\/i2w.com.br\/picorelli\/wp-json\/wp\/v2\/media\/476"}],"wp:attachment":[{"href":"https:\/\/i2w.com.br\/picorelli\/wp-json\/wp\/v2\/media?parent=475"}],"wp:term":[{"taxonomy":"category","embeddable":true,"href":"https:\/\/i2w.com.br\/picorelli\/wp-json\/wp\/v2\/categories?post=475"},{"taxonomy":"post_tag","embeddable":true,"href":"https:\/\/i2w.com.br\/picorelli\/wp-json\/wp\/v2\/tags?post=475"}],"curies":[{"name":"wp","href":"https:\/\/api.w.org\/{rel}","templated":true}]}}