{"id":498,"date":"2023-01-27T20:25:33","date_gmt":"2023-01-27T17:25:33","guid":{"rendered":"https:\/\/i2w.com.br\/picorelli\/?p=498"},"modified":"2023-01-27T20:25:33","modified_gmt":"2023-01-27T17:25:33","slug":"pelo-7o-ano-consecutivo-picorelli-recebe-importante-premio-de-sustentabilidade","status":"publish","type":"post","link":"https:\/\/i2w.com.br\/picorelli\/noticia\/pelo-7o-ano-consecutivo-picorelli-recebe-importante-premio-de-sustentabilidade\/","title":{"rendered":"PELO 7\u00ba ANO CONSECUTIVO, PICORELLI RECEBE IMPORTANTE PR\u00caMIO DE SUSTENTABILIDADE"},"content":{"rendered":"<p><strong>Transportar de maneira\u00a0<\/strong><strong>eficiente<\/strong><strong>\u00a0e\u00a0<\/strong><a href=\"https:\/\/www.picorelli.com.br\/arquivos\/1109\"><strong>sustent\u00e1vel<\/strong><\/a><strong>\u00a0sempre foi um compromisso da maior import\u00e2ncia na forma de trabalhar da\u00a0<\/strong><a href=\"https:\/\/www.picorelli.com.br\/sobre\"><strong>Picorelli Transportes<\/strong><\/a><strong>.<\/strong><\/p>\n<p><strong>E \u00e9 com muita alegria e satisfa\u00e7\u00e3o que n\u00f3s recebemos, pelo 7\u00ba ano consecutivo, o reconhecimento pelas nossas pr\u00e1ticas de sustentabilidade, por meio do\u00a0<\/strong><strong>Pr\u00eamio Melhor Ar<\/strong>.<\/p>\n<p>&nbsp;<\/p>\n<p>A premia\u00e7\u00e3o, criada e concedida pela\u00a0<strong>FETCEMG<\/strong>, \u00e9 uma homenagem e uma forma de incentivar as empresas mineiras ambientalmente respons\u00e1veis que monitoram a emiss\u00e3o de poluentes de suas frotas por meio do programa Despoluir, idealizado pela\u00a0<strong>Confedera\u00e7\u00e3o Nacional do Transporte (CNT)<\/strong>\u00a0e pelo\u00a0<strong>SEST-SENAT<\/strong>.<\/p>\n<p>&nbsp;<\/p>\n<p><strong>Picorelli na rota da sustentabilidade<\/strong><\/p>\n<p><strong>Sempre alinhada com as novas tecnologias, com a seguran\u00e7a e comprometida com o meio ambiente, a Picorelli Transportes j\u00e1 foi reconhecida em diversas premia\u00e7\u00f5es devido \u00e0s suas boas pr\u00e1ticas em termos de transporte eficiente e sustent\u00e1vel.<\/strong><\/p>\n<p><strong>Seja por meio da melhoria na qualidade do ar ou no uso econ\u00f4mico e racional de combust\u00edvel, estamos sempre buscando aprimorar cada vez mais o nosso neg\u00f3cio.<\/strong><\/p>\n<p><strong>Afinal, para n\u00f3s, transporte de qualidade \u00e9\u00a0<\/strong><strong>transporte limpo<\/strong><strong>!<\/strong><\/p>\n<p><strong>Por isso, seguiremos<\/strong>\u00a0na rota da sustentabilidade, investindo nas melhores pr\u00e1ticas e contribuindo com a preserva\u00e7\u00e3o do meio ambiente.<\/p>\n<p>A Picorelli \u00e9 a sua\u00a0<a href=\"https:\/\/www.picorelli.com.br\/arquivos\/1134\">melhor escolha<\/a>! Acompanhe a nossa jornada e venha fazer a diferen\u00e7a conosco!<\/p>\n","protected":false},"excerpt":{"rendered":"<p>Transportar de maneira\u00a0eficiente\u00a0e\u00a0sustent\u00e1vel\u00a0sempre foi um compromisso da maior import\u00e2ncia na forma de trabalhar da\u00a0Picorelli Transportes. E \u00e9 com muita alegria [&hellip;]<\/p>\n","protected":false},"author":2,"featured_media":499,"comment_status":"open","ping_status":"open","sticky":false,"template":"","format":"standard","meta":{"footnotes":""},"categories":[3],"tags":[],"class_list":["post-498","post","type-post","status-publish","format-standard","has-post-thumbnail","hentry","category-noticia"],"acf":[],"_links":{"self":[{"href":"https:\/\/i2w.com.br\/picorelli\/wp-json\/wp\/v2\/posts\/498","targetHints":{"allow":["GET"]}}],"collection":[{"href":"https:\/\/i2w.com.br\/picorelli\/wp-json\/wp\/v2\/posts"}],"about":[{"href":"https:\/\/i2w.com.br\/picorelli\/wp-json\/wp\/v2\/types\/post"}],"author":[{"embeddable":true,"href":"https:\/\/i2w.com.br\/picorelli\/wp-json\/wp\/v2\/users\/2"}],"replies":[{"embeddable":true,"href":"https:\/\/i2w.com.br\/picorelli\/wp-json\/wp\/v2\/comments?post=498"}],"version-history":[{"count":1,"href":"https:\/\/i2w.com.br\/picorelli\/wp-json\/wp\/v2\/posts\/498\/revisions"}],"predecessor-version":[{"id":500,"href":"https:\/\/i2w.com.br\/picorelli\/wp-json\/wp\/v2\/posts\/498\/revisions\/500"}],"wp:featuredmedia":[{"embeddable":true,"href":"https:\/\/i2w.com.br\/picorelli\/wp-json\/wp\/v2\/media\/499"}],"wp:attachment":[{"href":"https:\/\/i2w.com.br\/picorelli\/wp-json\/wp\/v2\/media?parent=498"}],"wp:term":[{"taxonomy":"category","embeddable":true,"href":"https:\/\/i2w.com.br\/picorelli\/wp-json\/wp\/v2\/categories?post=498"},{"taxonomy":"post_tag","embeddable":true,"href":"https:\/\/i2w.com.br\/picorelli\/wp-json\/wp\/v2\/tags?post=498"}],"curies":[{"name":"wp","href":"https:\/\/api.w.org\/{rel}","templated":true}]}}