{"id":504,"date":"2023-01-27T20:28:47","date_gmt":"2023-01-27T17:28:47","guid":{"rendered":"https:\/\/i2w.com.br\/picorelli\/?p=504"},"modified":"2023-01-27T20:28:47","modified_gmt":"2023-01-27T17:28:47","slug":"a-fenatran-2022-foi-um-sucesso-e-a-picorelli-esteve-presente","status":"publish","type":"post","link":"https:\/\/i2w.com.br\/picorelli\/noticia\/a-fenatran-2022-foi-um-sucesso-e-a-picorelli-esteve-presente\/","title":{"rendered":"A FENATRAN 2022 FOI UM SUCESSO, E A PICORELLI ESTEVE PRESENTE!"},"content":{"rendered":"<p>Realizada entre os dias\u00a0<strong>7<\/strong>\u00a0e\u00a0<strong>11 de novembro<\/strong>, a\u00a0<strong>23\u00aa edi\u00e7\u00e3o da<\/strong>\u00a0<a href=\"https:\/\/www.fenatran.com.br\/pt-br.html\"><strong>Fenatran<\/strong><\/a>\u00a0trouxe muitas novidades para o mercado de log\u00edstica e transporte.<\/p>\n<p>Ap\u00f3s tr\u00eas anos de interrup\u00e7\u00e3o, devido \u00e0 pandemia da Covid-19, a maior feira de transporte rodovi\u00e1rio da Am\u00e9rica Latina reuniu mais de 500 marcas na S\u00e3o Paulo Expo.<\/p>\n<p>O evento recebeu cerca de 66 mil visitantes, um recorde hist\u00f3rico, e gerou R$ 9,5 bilh\u00f5es em neg\u00f3cios. Esses s\u00e3o n\u00fameros que mostram a for\u00e7a e a import\u00e2ncia do transporte rodovi\u00e1rio para o Brasil.<\/p>\n<p>E a Picorelli Transportes teve a honra de estar presente nesse encontro especial, representada por nosso diretor,\u00a0<strong>Alexandre Picorelli Assis<\/strong>, a convite da\u00a0<a href=\"https:\/\/www.minasmaquinas.com.br\/\"><strong>Minas M\u00e1quinas<\/strong><\/a>, concession\u00e1ria da\u00a0<strong>Mercedes-Benz<\/strong> em Juiz de Fora, \u00e0 qual agradecemos pela generosidade e pela parceria!<\/p>\n<p>&nbsp;<\/p>\n<p><strong>Mercedes apresenta inova\u00e7\u00e3o e tecnologia na Fenatran<\/strong><\/p>\n<p>E o futuro j\u00e1 est\u00e1 batendo \u00e0 nossa porta! A Mercedes aproveitou a Fenatran 2022 para revelar grandes novidades que poderemos ver nas estradas nos pr\u00f3ximos anos.<\/p>\n<p>O eActros, caminh\u00e3o 100% el\u00e9trico que pode rodar at\u00e9 400km, foi um dos grandes destaques da feira.<\/p>\n<p>Al\u00e9m dele, tamb\u00e9m fomos apresentados ao Atego 1730, caminh\u00e3o aut\u00f4nomo de sistema n\u00edvel 4, que pode rodar em espa\u00e7os confinados, sem a presen\u00e7a de motorista.<\/p>\n<p>O outro ponto alto da feira foi o lan\u00e7amento da nova plataforma de\u00a0<strong>motores Euro 6<\/strong>, da Mercedes, que atende \u00e0s regras do\u00a0<strong>Proconve P8<\/strong>.<\/p>\n<p>A novidade combina quatro sistemas que envolvem catalisador de oxida\u00e7\u00e3o (DOC), filtro de part\u00edculas (DPF), redu\u00e7\u00e3o catal\u00edtica seletiva (SCR) e catalisador de am\u00f4nia (ASC). O resultado \u00e9 a redu\u00e7\u00e3o significativa do n\u00edvel de emiss\u00f5es de poluentes dos caminh\u00f5es.<\/p>\n<p>Para a Picorelli Transportes, foi uma grande alegria poder participar desse que \u00e9 um dos maiores eventos de log\u00edstica e transporte rodovi\u00e1rio do mundo.<\/p>\n<p>Foram dias de muita troca de conhecimento e aprendizado que levaremos conosco para desenvolvermos ainda mais os nossos servi\u00e7os, transportando com cada vez mais seguran\u00e7a, tecnologia e sustentabilidade!<\/p>\n<p>&nbsp;<\/p>\n<p>Para continuar acompanhando as nossas novidades, siga a Picorelli nas\u00a0<a href=\"https:\/\/www.instagram.com\/picorelli.transportes\/\">redes sociais<\/a>!<\/p>\n","protected":false},"excerpt":{"rendered":"<p>Realizada entre os dias\u00a07\u00a0e\u00a011 de novembro, a\u00a023\u00aa edi\u00e7\u00e3o da\u00a0Fenatran\u00a0trouxe muitas novidades para o mercado de log\u00edstica e transporte. Ap\u00f3s tr\u00eas [&hellip;]<\/p>\n","protected":false},"author":2,"featured_media":505,"comment_status":"open","ping_status":"open","sticky":false,"template":"","format":"standard","meta":{"footnotes":""},"categories":[3],"tags":[],"class_list":["post-504","post","type-post","status-publish","format-standard","has-post-thumbnail","hentry","category-noticia"],"acf":[],"_links":{"self":[{"href":"https:\/\/i2w.com.br\/picorelli\/wp-json\/wp\/v2\/posts\/504","targetHints":{"allow":["GET"]}}],"collection":[{"href":"https:\/\/i2w.com.br\/picorelli\/wp-json\/wp\/v2\/posts"}],"about":[{"href":"https:\/\/i2w.com.br\/picorelli\/wp-json\/wp\/v2\/types\/post"}],"author":[{"embeddable":true,"href":"https:\/\/i2w.com.br\/picorelli\/wp-json\/wp\/v2\/users\/2"}],"replies":[{"embeddable":true,"href":"https:\/\/i2w.com.br\/picorelli\/wp-json\/wp\/v2\/comments?post=504"}],"version-history":[{"count":1,"href":"https:\/\/i2w.com.br\/picorelli\/wp-json\/wp\/v2\/posts\/504\/revisions"}],"predecessor-version":[{"id":506,"href":"https:\/\/i2w.com.br\/picorelli\/wp-json\/wp\/v2\/posts\/504\/revisions\/506"}],"wp:featuredmedia":[{"embeddable":true,"href":"https:\/\/i2w.com.br\/picorelli\/wp-json\/wp\/v2\/media\/505"}],"wp:attachment":[{"href":"https:\/\/i2w.com.br\/picorelli\/wp-json\/wp\/v2\/media?parent=504"}],"wp:term":[{"taxonomy":"category","embeddable":true,"href":"https:\/\/i2w.com.br\/picorelli\/wp-json\/wp\/v2\/categories?post=504"},{"taxonomy":"post_tag","embeddable":true,"href":"https:\/\/i2w.com.br\/picorelli\/wp-json\/wp\/v2\/tags?post=504"}],"curies":[{"name":"wp","href":"https:\/\/api.w.org\/{rel}","templated":true}]}}